{"id":4746,"date":"2023-11-02T11:59:34","date_gmt":"2023-11-02T11:59:34","guid":{"rendered":"https:\/\/quartocrescente.org\/?p=4746"},"modified":"2023-11-03T14:29:54","modified_gmt":"2023-11-03T14:29:54","slug":"research-update-oct-23","status":"publish","type":"post","link":"https:\/\/quartocrescente.org\/pt\/journal\/2023\/research-update-oct-23\/","title":{"rendered":"Ponto da Investiga\u00e7\u00e3o Out.23"},"content":{"rendered":"<p class=\"alignwide\">Setembro marcou o in\u00edcio das dilig\u00eancias para concretizar o trabalho de campo. Pretende-se recrutar cinco educadores para uma participa\u00e7\u00e3o longitudinal neste trabalho: tr\u00eas de escolas p\u00fablicas da cidade de Lisboa \u2013 cada um em representa\u00e7\u00e3o um n\u00edvel socioecon\u00f3mico -, um de uma escola privada da mesma regi\u00e3o que siga um modelo pedag\u00f3gico alternativo, mais baseado em processos de aprendizagem informal, e um de uma escola p\u00fablica fora de uma \u00e1rea metropolitana. <\/p>\n\n\n\n<p class=\"alignwide\">Alinhando este objetivo com o de desenvolver a compreens\u00e3o da pr\u00e1tica atual dos educadores, pretende-se realizar entrevistas semi-estruturadas a educadores de cinco Agrupamentos Escolares\/escolas pr\u00e9-selecionados (D. Dinis, Marquesa de Alorna, Rainha Dona Leonor, Cadaval e Cooperativa A Torre). Estas entrevistas centrar-se-iam nas ferramentas utilizadas para a comunica\u00e7\u00e3o escola-casa, para complementar qualitativamente os resultados do inqu\u00e9rito online sobre este tema realizado em Maio de 2022.<\/p>\n\n\n\n<p class=\"alignwide\">No entanto, o acesso aos educadores das escolas p\u00fablicas est\u00e1 a provar ser um desafio e nesta altura um entrave ao desenvolvimento da investiga\u00e7\u00e3o. A autoriza\u00e7\u00e3o para a realiza\u00e7\u00e3o destas entrevistas foi submetida e aprovada pela Dire\u00e7\u00e3o Geral de Educa\u00e7\u00e3o no final de Setembro. Desde ent\u00e3o foram feitas diversas tentativas de contacto para obter uma autoriza\u00e7\u00e3o dos Agrupamentos Escolares, que devem depois assumir o recrutamento dos educadores participantes, havendo at\u00e9 ao momento apenas uma resposta - que progrediu ent\u00e3o para a sele\u00e7\u00e3o de participantes e agendamento (em curso). Na tentativa de agilizar o processo, foi criado um formul\u00e1rio para declara\u00e7\u00e3o de interesse\/disponibilidade direcionado aos educadores, alojado <a href=\"https:\/\/quartocrescente.org\/pt\/participar\/\">neste site<\/a>, que foi partilhado em grupos p\u00fablicos de educadores no Facebook, mas tamb\u00e9m sem resultados at\u00e9 agora.<\/p>\n\n\n\n<p class=\"alignwide\">Este tempo de espera tem sido utilizado para explorar as tecnologias candidatas a utiliza\u00e7\u00e3o na fase de desenvolvimento prevista para o segundo semestre deste ano e para preparar a pr\u00f3xima fase de trabalho de campo, em que se pretende, entre outros objectivos, caracterizar os agregados familiares participantes quanto ao seu reconhecimento de, e participa\u00e7\u00e3o nas, oportunidades de atividades de aprendizagem informal. O plano \u00e9 fornecer \u00e0s fam\u00edlias um meio f\u00edsico onde possam registar as actividades realizadas que reconhecem como tendo valor de aprendizagem informal. <\/p>\n\n\n\n<p class=\"alignwide\">Este per\u00edodo tamb\u00e9m foi aproveitado para pesquisar e desenvolver um primeiro rascunho de uma proposta para a sistematiza\u00e7\u00e3o de atividades de aprendizagem informal, que ser\u00e1 discutida e testada com educadores e fam\u00edlias nestas iniciativas de pesquisa de campo planeadas.<\/p>\n\n\n\n<figure class=\"wp-block-table alignwide single-row-top-aligned\"><table><thead><tr><th><strong>Tipo de Atividade<\/strong><\/th><th><strong>Tipo de Aprendizagem<\/strong><\/th><th><strong>Tipo de Capacidade<\/strong><\/th><th><strong>Tipo de Espa\u00e7o<\/strong><\/th><th><strong>Tipo de Provis\u00e3o<\/strong><\/th><th><strong>Tipo de Ocorr\u00eancia<\/strong><\/th><th><strong>Tipo de Participa\u00e7\u00e3o<\/strong><\/th><\/tr><\/thead><tbody><tr><td>Com Prop\u00f3sito;<br>Social;<br>Construtiva;<br>Auto-expressiva;<br>F\u00edsica;<br>Cultural;<br>Exploracional;<\/td><td>Aquisi\u00e7\u00e3o;<br>Investiga\u00e7\u00e3o;<br>Discuss\u00e3o;<br>Pr\u00e1tica;<br>Colabora\u00e7\u00e3o;<br>Produ\u00e7\u00e3o;<\/td><td>Empatia;<br>Conhecimento;<br>Motora Fina;<br>Motora Grossa;<br>Foco e Concentra\u00e7\u00e3o;<br>Autorregula\u00e7\u00e3o;<br>Comunica\u00e7\u00e3o;<br>Linguagem;<br>Resolu\u00e7\u00e3o de Problemas;<br>Cognitiva;<br>T\u00e9cnica;<br>Curiosidade;<br>Criatividade;<\/td><td>Dom\u00e9stico;<br>Ar livre;<br>Interior;<\/td><td>Aut\u00f3noma;<br>Provido por Cuidador;<br>Provido por Terceiros;<br><\/td><td>Singular;<br>Recorrente;<\/td><td>Sozinha;<br>Com Adulto(s);<br>Com Crian\u00e7a(s);<\/td><\/tr><\/tbody><\/table><figcaption class=\"wp-element-caption\">Proposta de sistematiza\u00e7\u00e3o de atividades de aprendizagem informal<\/figcaption><\/figure>\n\n\n\n<p class=\"alignwide\">Esta sistematiza\u00e7\u00e3o pretende definir um modelo do aprendiz sobre o qual o jogo proposto possa ser constru\u00eddo.<\/p>\n\n\n\n<p class=\"alignwide\">Entretanto os educadores t\u00eam de ser seleccionados antes de avan\u00e7ar para o trabalho com os agregados familiares, uma vez que estes devem estar veiculados aos primeiros. Se n\u00e3o houver desenvolvimentos neste processo at\u00e9 ao final de Novembro, um plano alternativo \u2013 possivelmente consistindo, infelizmente, numa vers\u00e3o menos participativa do processo de design nesta fase \u2013 ter\u00e1 de ser definido.<\/p>","protected":false},"excerpt":{"rendered":"<p>Setembro marcou o in\u00edcio das dilig\u00eancias da pesquisa de campo. Pretende-se o recrutamento de cinco educadores para uma participa\u00e7\u00e3o longitudinal neste trabalho. Est\u00e3o sendo solicitadas entrevistas semiestruturadas.<\/p>","protected":false},"author":1,"featured_media":4758,"comment_status":"open","ping_status":"open","sticky":false,"template":"","format":"standard","meta":{"inline_featured_image":false,"_uag_custom_page_level_css":"","_lmt_disableupdate":"","_lmt_disable":"","footnotes":""},"categories":[12],"tags":[],"class_list":["post-4746","post","type-post","status-publish","format-standard","has-post-thumbnail","hentry","category-update","entry"],"modified_by":"Pedro Silva Ferreira","uagb_featured_image_src":{"full":["https:\/\/quartocrescente.org\/wp-content\/uploads\/2023\/11\/IMG_6887-scaled.jpg",2560,1440,false],"thumbnail":["https:\/\/quartocrescente.org\/wp-content\/uploads\/2023\/11\/IMG_6887-150x150.jpg",150,150,true],"medium":["https:\/\/quartocrescente.org\/wp-content\/uploads\/2023\/11\/IMG_6887-300x169.jpg",300,169,true],"medium_large":["https:\/\/quartocrescente.org\/wp-content\/uploads\/2023\/11\/IMG_6887-768x432.jpg",750,422,true],"large":["https:\/\/quartocrescente.org\/wp-content\/uploads\/2023\/11\/IMG_6887-1024x576.jpg",750,422,true],"1536x1536":["https:\/\/quartocrescente.org\/wp-content\/uploads\/2023\/11\/IMG_6887-1536x864.jpg",1536,864,true],"2048x2048":["https:\/\/quartocrescente.org\/wp-content\/uploads\/2023\/11\/IMG_6887-2048x1152.jpg",2048,1152,true],"trp-custom-language-flag":["https:\/\/quartocrescente.org\/wp-content\/uploads\/2023\/11\/IMG_6887-18x10.jpg",18,10,true],"post-thumbnail":["https:\/\/quartocrescente.org\/wp-content\/uploads\/2023\/11\/IMG_6887-1568x882.jpg",1568,882,true]},"uagb_author_info":{"display_name":"Pedro Silva Ferreira","author_link":"https:\/\/quartocrescente.org\/pt\/journal\/author\/quartocr_manager\/"},"uagb_comment_info":1,"uagb_excerpt":"September marked the beginning of the field research diligences. The recruitment of five educators for a longitudinal participation in this work is intended. Semi-structured interviews are being requested.","_links":{"self":[{"href":"https:\/\/quartocrescente.org\/pt\/wp-json\/wp\/v2\/posts\/4746","targetHints":{"allow":["GET"]}}],"collection":[{"href":"https:\/\/quartocrescente.org\/pt\/wp-json\/wp\/v2\/posts"}],"about":[{"href":"https:\/\/quartocrescente.org\/pt\/wp-json\/wp\/v2\/types\/post"}],"author":[{"embeddable":true,"href":"https:\/\/quartocrescente.org\/pt\/wp-json\/wp\/v2\/users\/1"}],"replies":[{"embeddable":true,"href":"https:\/\/quartocrescente.org\/pt\/wp-json\/wp\/v2\/comments?post=4746"}],"version-history":[{"count":29,"href":"https:\/\/quartocrescente.org\/pt\/wp-json\/wp\/v2\/posts\/4746\/revisions"}],"predecessor-version":[{"id":4795,"href":"https:\/\/quartocrescente.org\/pt\/wp-json\/wp\/v2\/posts\/4746\/revisions\/4795"}],"wp:featuredmedia":[{"embeddable":true,"href":"https:\/\/quartocrescente.org\/pt\/wp-json\/wp\/v2\/media\/4758"}],"wp:attachment":[{"href":"https:\/\/quartocrescente.org\/pt\/wp-json\/wp\/v2\/media?parent=4746"}],"wp:term":[{"taxonomy":"category","embeddable":true,"href":"https:\/\/quartocrescente.org\/pt\/wp-json\/wp\/v2\/categories?post=4746"},{"taxonomy":"post_tag","embeddable":true,"href":"https:\/\/quartocrescente.org\/pt\/wp-json\/wp\/v2\/tags?post=4746"}],"curies":[{"name":"wp","href":"https:\/\/api.w.org\/{rel}","templated":true}]}}