{"id":1160,"date":"2021-11-06T19:08:32","date_gmt":"2021-11-06T19:08:32","guid":{"rendered":"http:\/\/quartocrescente.org\/?p=1160"},"modified":"2022-11-13T01:49:48","modified_gmt":"2022-11-13T01:49:48","slug":"update-11-21","status":"publish","type":"post","link":"https:\/\/quartocrescente.org\/pt\/journal\/2021\/update-11-21\/","title":{"rendered":"Ponto da Investiga\u00e7\u00e3o Out.21"},"content":{"rendered":"<p class=\"has-drop-cap alignwide has-extra-small-font-size\">Esta \u00e9 a primeira de uma s\u00e9rie de atualiza\u00e7\u00f5es que ser\u00e3o lan\u00e7adas ao longo deste trabalho de pesquisa. O objetivo \u00e9 descrever informalmente e justificar o progresso desta pesquisa de doutorado, em prol da transpar\u00eancia e esperamos engajar a comunidade interessada.<\/p>\n\n\n\n<p class=\"alignwide has-extra-small-font-size\">A recep\u00e7\u00e3o dos novos alunos do programa de doutoramento em Digital Media no Campus Campolide da Faculdade de Ci\u00eancias Sociais e Humanas (FCSH) da Universidade de Nova Lisboa (UNL), no dia 23 de setembro, marcou o in\u00edcio dos trabalhos de curso. Este primeiro ano letivo contempla um conjunto de aulas, em ambos os semestres - algumas obrigat\u00f3rias e outras eletivas. As aulas obrigat\u00f3rias do primeiro semestre s\u00e3o ministradas na FCSH \/ UNL, enquanto as do segundo semestre acontecem na Faculdade de Ci\u00eancias e Tecnologia (FCT \/ UNL), que tem sede para cada um desses per\u00edodos. <\/p>\n\n\n\n<p class=\"alignwide has-extra-small-font-size\"><strong>M\u00e9todos de pesquisa<\/strong> (RM), <strong>Hist\u00f3ria e Tend\u00eancias em M\u00eddia Digital<\/strong> (HTDM) e <strong>Teoria da Comunica\u00e7\u00e3o<\/strong> (CT) s\u00e3o as aulas obrigat\u00f3rias matriculadas no primeiro semestre, e <strong>T\u00f3picos avan\u00e7ados em m\u00eddia digital<\/strong> (ATDM) foi a eletiva escolhida para completar o n\u00famero recomendado de quatro aulas por semestre. Sobre eles, em breve, <\/p>\n\n\n\n<p class=\"alignwide has-extra-small-font-size\">RM, liderado por <a rel=\"noreferrer noopener\" href=\"https:\/\/www.cienciavitae.pt\/portal\/2811-17AC-D593\" target=\"_blank\">Paulo Nuno Vicente<\/a>, pretende fornecer aos alunos as ferramentas necess\u00e1rias para gerir com sucesso e sustentar adequadamente a investiga\u00e7\u00e3o proposta, de uma forma muito colaborativa em que cada aluno trabalha e traz para a aula o seu pr\u00f3prio contexto de investiga\u00e7\u00e3o. O objetivo pessoal \u00e9 aproveitar esta oportunidade para trabalhar particularmente no m\u00e9todo de pesquisa e nos dados preliminares a serem considerados na revis\u00e3o do plano de pesquisa para 2022, e para iniciar o desenvolvimento de uma revis\u00e3o sistem\u00e1tica da literatura.<\/p>\n\n\n\n<p class=\"alignwide has-extra-small-font-size\">HTDM, liderado por <a rel=\"noreferrer noopener\" href=\"https:\/\/www.cienciavitae.pt\/portal\/3319-7960-1378\" target=\"_blank\">Madalena miranda<\/a>, prop\u00f5e a revis\u00e3o de textos fundamentais que contextualizam - passado, presente e futuro - das m\u00eddias digitais. O objetivo \u00e9 fazer com que os alunos enquadrem o seu trabalho nesta hist\u00f3ria. Considera leituras semanais a apresentar em aula.<\/p>\n\n\n\n<p class=\"alignwide has-extra-small-font-size\">CT, de <a rel=\"noreferrer noopener\" href=\"https:\/\/novaresearch.unl.pt\/en\/persons\/cl%C3%A1udia-silva-2\" target=\"_blank\">Cl\u00e1udia Silva<\/a>, enfoca a teoria da Intera\u00e7\u00e3o Humano-Computador (IHC) e suas aplica\u00e7\u00f5es - apresentando os temas Teorias P\u00f3s-colonial \/ Decoloniais, Feminismo, G\u00eanero e Tecnologia, Ra\u00e7a e Tecnologia, entre outros. Tamb\u00e9m considera a \u201cado\u00e7\u00e3o\u201d de um acad\u00eamico renomado por cada aluno - um mergulho profundo na contribui\u00e7\u00e3o acad\u00eamica de um acad\u00eamico. <a rel=\"noreferrer noopener\" href=\"https:\/\/www.pratt.edu\/faculty_and_staff\/bio\/?id=adruin\" target=\"_blank\">Allison Druin<\/a>, um acad\u00eamico com trabalho de refer\u00eancia sobre o envolvimento de crian\u00e7as no desenvolvimento de HCI, foi a escolha pessoal. <\/p>\n\n\n\n<p class=\"alignwide has-extra-small-font-size\">ATDM, de <a rel=\"noreferrer noopener\" href=\"https:\/\/novaresearch.unl.pt\/en\/persons\/ioli-campos\" target=\"_blank\">Ioli Campos<\/a>, tamb\u00e9m considera a discuss\u00e3o conduzida pelos alunos em sala de aula, a partir de leituras realizadas semanalmente, sobre temas contempor\u00e2neos importantes nas m\u00eddias digitais - como a exclus\u00e3o digital, cultura participativa e alfabetiza\u00e7\u00e3o midi\u00e1tica, pegada digital e engajamento e discurso de \u00f3dio, entre outros. <\/p>\n\n\n\n<p class=\"alignwide has-extra-small-font-size\">O plano inicial para as optativas do primeiro semestre era a escolha de uma oferta tur\u00edstica do programa de doutorado em Educa\u00e7\u00e3o, com o objetivo de desenvolver conhecimentos fundamentais sobre a teoria da educa\u00e7\u00e3o e conhecer e aprender com outros projetos da \u00e1rea de pesquisa e seus pesquisadores. Mas como isso exigiria muito e o ATDM era muito recomendado pela coordena\u00e7\u00e3o do programa de doutorado, essa foi a escolha final.<\/p>\n\n\n\n<p class=\"alignwide has-extra-small-font-size\">At\u00e9 o momento o trabalho do curso tem sido muito exigente, dada a extens\u00e3o e profundidade das leituras a serem preparadas para orientar ou participar ativamente das discuss\u00f5es em classe. Ainda n\u00e3o h\u00e1 muito tempo dispon\u00edvel para trabalhar no amadurecimento do plano de pesquisa, em particular no enunciado do m\u00e9todo de pesquisa. Mas o RM j\u00e1 motivou algumas revis\u00f5es e as outras turmas est\u00e3o definitivamente contribuindo com ideias antigas \/ novas e definindo uma pr\u00e1tica de pesquisa.<\/p>\n\n\n\n<p class=\"alignwide has-extra-small-font-size\">Pretende-se em breve iniciar uma imers\u00e3o entre escolas e fam\u00edlias para obter dados preliminares sobre o contexto do problema abordado e a contribui\u00e7\u00e3o desta pesquisa.<\/p>\n\n\n\n<h3 class=\"alignwide wp-block-heading\">Leituras<\/h3>\n\n\n\n<div class=\"wp-block-uagb-tabs uagb-block-a4fe0b78 uagb-tabs__wrap uagb-tabs__hstyle1-desktop uagb-tabs__vstyle6-tablet uagb-tabs__vstyle6-mobile alignwide\" data-tab-active=\"0\"><ul class=\"uagb-tabs__panel uagb-tabs__align-left\"><li class=\"uagb-tab uagb-tabs__active\"><a href=\"#uagb-tabs__tab0\" class=\"uagb-tabs-list uagb-tabs__icon-position-left\" data-tab=\"0\"><span>Hist\u00f3ria e Tend\u00eancias<\/span><\/a><\/li><li class=\"uagb-tab\"><a href=\"#uagb-tabs__tab1\" class=\"uagb-tabs-list uagb-tabs__icon-position-left\" data-tab=\"1\"><span>Teoria da Comunica\u00e7\u00e3o<\/span><\/a><\/li><li class=\"uagb-tab\"><a href=\"#uagb-tabs__tab2\" class=\"uagb-tabs-list uagb-tabs__icon-position-left\" data-tab=\"2\"><span>T\u00f3picos Avan\u00e7ados<\/span><\/a><\/li><\/ul><div class=\"uagb-tabs__body-wrap\">\n<div class=\"wp-block-uagb-tabs-child uagb-tabs__body-container uagb-tabs__inner-tab uagb-inner-tab-0\"><div class=\"uagb-blocks__eefd8356 uagb-tabs__body\" aria-labelledby=\"uagb-tabs__tab0\">\n<h5 class=\"wp-block-heading\">T\u00e9cnica - um caminho te\u00f3rico<\/h5>\n\n\n\n<ul class=\"has-extra-small-font-size wp-block-list\">\n<li>Haraway, Donna e \u201c<strong>Um Manifesto Cyborg: Ci\u00eancia, tecnologia e feminismo-socialista no<\/strong> <strong>final do s\u00e9culo XX.<\/strong>\u201dSimians, Cyborgs and Women: The Reinvention of Nature (2000): 149-181.<\/li>\n<\/ul>\n\n\n\n<h5 class=\"wp-block-heading\">M\u00eddia computacional - uma genealogia<\/h5>\n\n\n\n<ul class=\"has-extra-small-font-size wp-block-list\">\n<li>Barbrook, Richard e Andy Cameron (1996) \u201c<strong>A Ideologia Californiana.<\/strong>\u201dScience as Culture 6.1, pp. 44-72.<\/li>\n<\/ul>\n\n\n\n<h5 class=\"wp-block-heading\">N\u00f3 de C\u00f3digo<\/h5>\n\n\n\n<ul class=\"has-extra-small-font-size wp-block-list\">\n<li>Chun, Wendy Hui Kyong. \u201c<strong>Em &#039;sourcery&#039;, ou codifique como fetiche.<\/strong>&#8221;&nbsp;<em>Configura\u00e7\u00f5es<\/em>&nbsp;16.3 (2008): 299-324.<\/li>\n<\/ul>\n<\/div><\/div>\n\n\n\n<div class=\"wp-block-uagb-tabs-child uagb-tabs__body-container uagb-tabs__inner-tab uagb-inner-tab-1\"><div class=\"uagb-blocks__1429f30d uagb-tabs__body\" aria-labelledby=\"uagb-tabs__tab1\">\n<h5 class=\"wp-block-heading\">Teoria HCI<\/h5>\n\n\n\n<ul class=\"has-extra-small-font-size wp-block-list\">\n<li>Rogers, Y. (2012). \u201c<strong>O papel e a contribui\u00e7\u00e3o da teoria em HCI<\/strong>\u201c. Cap\u00edtulo 3 (15-19pp). IN: teoria HCI: cl\u00e1ssica, moderna e contempor\u00e2nea. <em>Aulas de s\u00edntese sobre inform\u00e1tica centrada no homem<\/em>, <em>5<\/em>(2), 1-129.<\/li>\n\n\n\n<li>Rogers, Y. (2012). \u201c<strong>Teoria Contempor\u00e2nea<\/strong>\u201c. Cap\u00edtulo 6 (65-79pp) .IN: Teoria HCI: cl\u00e1ssica, moderna e contempor\u00e2nea. <em>Aulas de s\u00edntese sobre inform\u00e1tica centrada no homem<\/em>, <em>5<\/em>(2), 1-129.<\/li>\n\n\n\n<li>Leong, TW, Gaye, L., Tanaka, A., Taylor, R., &amp; Wright, PC (2011). \u201c<strong>O usu\u00e1rio em fluxo: unindo HCI e artes digitais para interrogar pap\u00e9is mutantes na m\u00eddia interativa<\/strong>\u201c. No <em>CHI&#039;11 Extended Abstracts on Human Factors in Computing Systems<\/em> (pp. 45-48).<\/li>\n<\/ul>\n\n\n\n<h5 class=\"wp-block-heading\">Teorias p\u00f3s-coloniais \/ decoloniais<\/h5>\n\n\n\n<ul class=\"has-extra-small-font-size wp-block-list\">\n<li>(Discuss\u00e3o em classe sobre as leituras do colega)<\/li>\n<\/ul>\n\n\n\n<h5 class=\"wp-block-heading\">Feminismo, G\u00eanero e Tecnologia<\/h5>\n\n\n\n<ul class=\"has-extra-small-font-size wp-block-list\">\n<li>(Discuss\u00e3o em classe sobre as leituras do colega)<\/li>\n<\/ul>\n<\/div><\/div>\n\n\n\n<div class=\"wp-block-uagb-tabs-child uagb-tabs__body-container uagb-tabs__inner-tab uagb-inner-tab-2\"><div class=\"uagb-blocks__24c81eca uagb-tabs__body\" aria-labelledby=\"uagb-tabs__tab2\">\n<h5 class=\"wp-block-heading\">Engajamento e discurso de \u00f3dio<\/h5>\n\n\n\n<ul class=\"has-extra-small-font-size wp-block-list\">\n<li>(Discuss\u00e3o em classe sobre as leituras do colega)<\/li>\n<\/ul>\n\n\n\n<h5 class=\"wp-block-heading\">Pegada digital, vigil\u00e2ncia e seguran\u00e7a<\/h5>\n\n\n\n<ul class=\"has-extra-small-font-size wp-block-list\">\n<li>Kosinski, M., Stillwell, D., &amp; Graepel, T. (2013). \u201c<strong>Tra\u00e7os e atributos privados s\u00e3o previs\u00edveis a partir de registros digitais do comportamento humano.<\/strong>&#8221; <em>Anais da Academia Nacional de Ci\u00eancias dos Estados Unidos da Am\u00e9rica<\/em>, <em>110<\/em>(15), 5802-5805.<\/li>\n<\/ul>\n\n\n\n<h5 class=\"wp-block-heading\">Cultura participativa e alfabetiza\u00e7\u00e3o midi\u00e1tica<\/h5>\n\n\n\n<ul id=\"block-a26db52d-8d20-4501-a05a-4205b6c6d006\" class=\"has-extra-small-font-size wp-block-list\">\n<li>Benkler, Y. (2006). <em>&#8220;<\/em><strong>A riqueza das redes - como a produ\u00e7\u00e3o social transforma os mercados e as liberdades<\/strong>\u201c. New Haven e Londres: Yale University Press. - Cap\u00edtulo 3.<\/li>\n\n\n\n<li>Ito, M. (2010). \u201c<strong>Sair, brincar e curtir<\/strong>\u201c. Cambridge, MA: MIT Press. - Cap\u00edtulo 6.<\/li>\n\n\n\n<li>Jenkins, H. (2006). <strong>&#8220;<em>Enfrentando os desafios da cultura participativa: educa\u00e7\u00e3o para a m\u00eddia para o s\u00e9culo 21<\/em>.&#8221;<\/strong><\/li>\n\n\n\n<li>Hobbs, R. (2010, agosto). \u201c<strong>Literacia jornal\u00edstica: o que funciona e o que n\u00e3o funciona<\/strong>\u201c. No <em>Confer\u00eancia da Associa\u00e7\u00e3o para Educa\u00e7\u00e3o em Jornalismo e Comunica\u00e7\u00e3o de Massa, Denver, CO<\/em>.<\/li>\n\n\n\n<li>Buckingham, D. (1993). \u201c<strong>Indo cr\u00edtico: os limites da alfabetiza\u00e7\u00e3o midi\u00e1tica<\/strong>&#8220;. <em>Jornal australiano de educa\u00e7\u00e3o<\/em>, <em>37<\/em>(2), 142-152.<\/li>\n<\/ul>\n\n\n\n<h5 class=\"wp-block-heading\">The Digital Divide<\/h5>\n\n\n\n<ul id=\"block-a26db52d-8d20-4501-a05a-4205b6c6d006\" class=\"has-extra-small-font-size wp-block-list\">\n<li>Bennett, WL (Ed.) (2008). \u201c<strong>Civic Life Online: Aprendendo como a m\u00eddia digital pode envolver os jovens<\/strong>\u201c. Cambridge, The John D. e Catherine T. MacArthur Foundation Series on Digital Media and Learning. The MIT Press.<\/li>\n\n\n\n<li>Boyd, D. (2014). \u201c<strong>\u00c9 complicado: a vida social de adolescentes em rede<\/strong>\u201c. Yale University Press. - Cap\u00edtulo 6<\/li>\n\n\n\n<li>Livingstone, S., &amp; Helsper, E. (2007). \u201c<strong>Grada\u00e7\u00f5es em inclus\u00e3o digital: crian\u00e7as, jovens e a exclus\u00e3o digital<\/strong>\u201c. New Media &amp; Society, 9 (4), 671-696.<\/li>\n\n\n\n<li>Pearce, KE, &amp; Rice, RE (2013). \u201c<strong>O digital divide o acesso \u00e0s atividades: comparando os usu\u00e1rios da Internet em computadores pessoais e m\u00f3veis<\/strong>&#8220;. <em>Jornal de Comunica\u00e7\u00e3o<\/em>(63), 721-744.<\/li>\n<\/ul>\n\n\n\n<p><\/p>\n\n\n\n<p><\/p>\n<\/div><\/div>\n<\/div><\/div>","protected":false},"excerpt":{"rendered":"<p>Primeira de uma s\u00e9rie de atualiza\u00e7\u00f5es que ser\u00e3o lan\u00e7adas ao longo deste trabalho de pesquisa, para descrever e justificar informalmente o andamento desta pesquisa de doutorado, em prol da transpar\u00eancia.<\/p>","protected":false},"author":1,"featured_media":1175,"comment_status":"closed","ping_status":"closed","sticky":false,"template":"","format":"standard","meta":{"inline_featured_image":false,"_uag_custom_page_level_css":"","_lmt_disableupdate":"no","_lmt_disable":"","footnotes":""},"categories":[12],"tags":[],"class_list":["post-1160","post","type-post","status-publish","format-standard","has-post-thumbnail","hentry","category-update","entry"],"modified_by":"Pedro Silva Ferreira","uagb_featured_image_src":{"full":["https:\/\/quartocrescente.org\/wp-content\/uploads\/2021\/11\/IMG_1993.jpg",2510,1412,false],"thumbnail":["https:\/\/quartocrescente.org\/wp-content\/uploads\/2021\/11\/IMG_1993-150x150.jpg",150,150,true],"medium":["https:\/\/quartocrescente.org\/wp-content\/uploads\/2021\/11\/IMG_1993-300x169.jpg",300,169,true],"medium_large":["https:\/\/quartocrescente.org\/wp-content\/uploads\/2021\/11\/IMG_1993-768x432.jpg",750,422,true],"large":["https:\/\/quartocrescente.org\/wp-content\/uploads\/2021\/11\/IMG_1993-1024x576.jpg",750,422,true],"1536x1536":["https:\/\/quartocrescente.org\/wp-content\/uploads\/2021\/11\/IMG_1993-1536x864.jpg",1536,864,true],"2048x2048":["https:\/\/quartocrescente.org\/wp-content\/uploads\/2021\/11\/IMG_1993-2048x1152.jpg",2048,1152,true],"trp-custom-language-flag":["https:\/\/quartocrescente.org\/wp-content\/uploads\/2021\/11\/IMG_1993-18x10.jpg",18,10,true],"post-thumbnail":["https:\/\/quartocrescente.org\/wp-content\/uploads\/2021\/11\/IMG_1993-1568x882.jpg",1568,882,true]},"uagb_author_info":{"display_name":"Pedro Silva Ferreira","author_link":"https:\/\/quartocrescente.org\/pt\/journal\/author\/quartocr_manager\/"},"uagb_comment_info":0,"uagb_excerpt":"First of a series of updates that are to be released throughout this research work, to informally describe and justify the progress of this doctoral research, in favour of transparency.","_links":{"self":[{"href":"https:\/\/quartocrescente.org\/pt\/wp-json\/wp\/v2\/posts\/1160","targetHints":{"allow":["GET"]}}],"collection":[{"href":"https:\/\/quartocrescente.org\/pt\/wp-json\/wp\/v2\/posts"}],"about":[{"href":"https:\/\/quartocrescente.org\/pt\/wp-json\/wp\/v2\/types\/post"}],"author":[{"embeddable":true,"href":"https:\/\/quartocrescente.org\/pt\/wp-json\/wp\/v2\/users\/1"}],"replies":[{"embeddable":true,"href":"https:\/\/quartocrescente.org\/pt\/wp-json\/wp\/v2\/comments?post=1160"}],"version-history":[{"count":61,"href":"https:\/\/quartocrescente.org\/pt\/wp-json\/wp\/v2\/posts\/1160\/revisions"}],"predecessor-version":[{"id":4332,"href":"https:\/\/quartocrescente.org\/pt\/wp-json\/wp\/v2\/posts\/1160\/revisions\/4332"}],"wp:featuredmedia":[{"embeddable":true,"href":"https:\/\/quartocrescente.org\/pt\/wp-json\/wp\/v2\/media\/1175"}],"wp:attachment":[{"href":"https:\/\/quartocrescente.org\/pt\/wp-json\/wp\/v2\/media?parent=1160"}],"wp:term":[{"taxonomy":"category","embeddable":true,"href":"https:\/\/quartocrescente.org\/pt\/wp-json\/wp\/v2\/categories?post=1160"},{"taxonomy":"post_tag","embeddable":true,"href":"https:\/\/quartocrescente.org\/pt\/wp-json\/wp\/v2\/tags?post=1160"}],"curies":[{"name":"wp","href":"https:\/\/api.w.org\/{rel}","templated":true}]}}